[{"@context":"https:\/\/schema.org\/","@type":"Article","@id":"https:\/\/www.zmmodel.cz\/nechcete-mit-eternitovou-strechu\/#Article","mainEntityOfPage":"https:\/\/www.zmmodel.cz\/nechcete-mit-eternitovou-strechu\/","headline":"Nechcete m\u00edt eternitovou st\u0159echu?","name":"Nechcete m\u00edt eternitovou st\u0159echu?","description":"Ka\u017ed\u00e1 b\u011b\u017en\u00e1 budova m\u00e1 u n\u00e1s st\u0159echu. To d\u00e1 rozum. Jinak je tomu jenom v p\u0159\u00edpad\u011b stavebn\u00edch prac\u00ed, kdy se tato teprve buduje nebo m\u011bn\u00ed, p\u0159\u00edpadn\u011b po \u0159\u00e1d\u011bn\u00ed vichru, kter\u00fd n\u011bkdy m\u016f\u017ee n\u011bkomu st\u0159echu odn\u00e9st. A na r\u016fzn\u00fdch st\u0159ech\u00e1ch se m\u016f\u017eeme setk\u00e1vat s r\u016fznou st\u0159e\u0161n\u00ed krytinou. T\u0159eba i s eternitem. L\u00edb\u00ed se v\u00e1m takov\u00fd eternit? [&hellip;]","datePublished":"2025-10-20","dateModified":"2025-11-19","author":{"@type":"Person","@id":"https:\/\/www.zmmodel.cz\/author\/#Person","name":"","url":"https:\/\/www.zmmodel.cz\/author\/","identifier":1,"image":{"@type":"ImageObject","@id":"https:\/\/secure.gravatar.com\/avatar\/9cae764794acc12213aa530e21558ed2bd96c03f91e0c3ad21cc1905765be658?s=96&d=mm&r=g","url":"https:\/\/secure.gravatar.com\/avatar\/9cae764794acc12213aa530e21558ed2bd96c03f91e0c3ad21cc1905765be658?s=96&d=mm&r=g","height":96,"width":96}},"publisher":{"@type":"Organization","name":"zmmodel.cz","logo":{"@type":"ImageObject","@id":"\/logo.png","url":"\/logo.png","width":600,"height":60}},"url":"https:\/\/www.zmmodel.cz\/nechcete-mit-eternitovou-strechu\/","wordCount":261,"articleBody":"         Ka\u017ed\u00e1 b\u011b\u017en\u00e1 budova m\u00e1 u n\u00e1s st\u0159echu. To d\u00e1 rozum. Jinak je tomu jenom v p\u0159\u00edpad\u011b stavebn\u00edch prac\u00ed, kdy se tato teprve buduje nebo m\u011bn\u00ed, p\u0159\u00edpadn\u011b po \u0159\u00e1d\u011bn\u00ed vichru, kter\u00fd n\u011bkdy m\u016f\u017ee n\u011bkomu st\u0159echu odn\u00e9st. A na r\u016fzn\u00fdch st\u0159ech\u00e1ch se m\u016f\u017eeme setk\u00e1vat s r\u016fznou st\u0159e\u0161n\u00ed krytinou. T\u0159eba i s eternitem. L\u00edb\u00ed se v\u00e1m takov\u00fd eternit? Mn\u011b tedy moc ne. A kdybych ho na st\u0159e\u0161e sv\u00e9ho domu m\u011bl, ur\u010dit\u011b by m\u011b napadlo ho vym\u011bnit za n\u011bco hez\u010d\u00edho. Jen\u017ee by pro m\u011b bylo probl\u00e9mem odstran\u011bn\u00ed a likvidace eternitu z takov\u00e9 st\u0159echy. Tak\u017ee bych se t\u00edm mo\u017en\u00e1 hodn\u011b tr\u00e1pil. Ale netr\u00e1p\u00edm se. Proto\u017ee v\u00edm, \u017ee se d\u00e1 nechat likvidace azbestu a onoho eternitu na profesion\u00e1ln\u00ed firm\u011b. A to se mi l\u00edb\u00ed. A jist\u011b nejen mn\u011b. Chcete se tak\u00e9 zbavit eternitu? Pokud m\u00e1te dosud eternitovou st\u0159echu a tak\u00e9 v\u00e1m z n\u011bjak\u00e9ho d\u016fvodu nevyhovuje, nemus\u00edte si tedy zoufat, pokud nedok\u00e1\u017eete sami takovou krytinu ze st\u0159echy sundat a zlikvidovat. U profesion\u00e1l\u016f toti\u017e nen\u00ed u likvidace eternitu cena za m2 likvida\u010dn\u00ed pro va\u0161e vlastn\u00ed finance. Tato firma se v\u00e1m o to postar\u00e1 spolehliv\u011b a cenov\u011b p\u0159\u00edzniv\u011b. Tak\u017ee nemus\u00edte ot\u00e1let a m\u016f\u017eete se na ni tak\u00e9 obr\u00e1tit. A zbavit se tak starost\u00ed.                                                                                                                                                                                                                                                                                                                                                                                                  "},{"@context":"https:\/\/schema.org\/","@type":"BreadcrumbList","itemListElement":[{"@type":"ListItem","position":1,"name":"Nechcete m\u00edt eternitovou st\u0159echu?","item":"https:\/\/www.zmmodel.cz\/nechcete-mit-eternitovou-strechu\/#breadcrumbitem"}]}]