[{"@context":"https:\/\/schema.org\/","@type":"Article","@id":"https:\/\/www.zmmodel.cz\/vestavene-skrine-nechaji-vas-byt-dychat\/#Article","mainEntityOfPage":"https:\/\/www.zmmodel.cz\/vestavene-skrine-nechaji-vas-byt-dychat\/","headline":"Vestav\u011bn\u00e9 sk\u0159\u00edn\u011b nechaj\u00ed v\u00e1\u0161 byt d\u00fdchat","name":"Vestav\u011bn\u00e9 sk\u0159\u00edn\u011b nechaj\u00ed v\u00e1\u0161 byt d\u00fdchat","description":"M\u00e1te pocit, \u017ee je v\u00e1\u0161 byt p\u0159ecpan\u00fd n\u00e1bytkem? A to i p\u0159esto, \u017ee m\u00e1te st\u00e1le nedostatek \u00falo\u017en\u00e9ho prostoru? Mo\u017en\u00e1 je to t\u00edm, \u017ee jste vsadili na \u0161patn\u00e9 sk\u0159\u00edn\u011b. Sta\u010d\u00ed mal\u00e1 zm\u011bna a v\u0161echno bude r\u00e1zem jinak. Sta\u010d\u00ed, kdy\u017e n\u011bkolik b\u011b\u017en\u00fdch sk\u0159\u00edn\u00ed nahrad\u00edte sk\u0159\u00edn\u00ed vestav\u011bnou. T\u00edmto zp\u016fsobem vyu\u017eijete prostor, kter\u00fd m\u00e1te k dispozici mnohem efektivn\u011bji, a [&hellip;]","datePublished":"2019-06-10","dateModified":"2019-06-10","author":{"@type":"Person","@id":"https:\/\/www.zmmodel.cz\/author\/#Person","name":"","url":"https:\/\/www.zmmodel.cz\/author\/","identifier":1,"image":{"@type":"ImageObject","@id":"https:\/\/secure.gravatar.com\/avatar\/9cae764794acc12213aa530e21558ed2bd96c03f91e0c3ad21cc1905765be658?s=96&d=mm&r=g","url":"https:\/\/secure.gravatar.com\/avatar\/9cae764794acc12213aa530e21558ed2bd96c03f91e0c3ad21cc1905765be658?s=96&d=mm&r=g","height":96,"width":96}},"publisher":{"@type":"Organization","name":"zmmodel.cz","logo":{"@type":"ImageObject","@id":"\/logo.png","url":"\/logo.png","width":600,"height":60}},"image":{"@type":"ImageObject","@id":"https:\/\/www.zmmodel.cz\/wp-content\/uploads\/img_a358665_w1759_t1572961235.jpg","url":"https:\/\/www.zmmodel.cz\/wp-content\/uploads\/img_a358665_w1759_t1572961235.jpg","height":0,"width":0},"url":"https:\/\/www.zmmodel.cz\/vestavene-skrine-nechaji-vas-byt-dychat\/","wordCount":442,"articleBody":"      M\u00e1te pocit, \u017ee je v\u00e1\u0161 byt p\u0159ecpan\u00fd n\u00e1bytkem? A to i p\u0159esto, \u017ee m\u00e1te st\u00e1le nedostatek \u00falo\u017en\u00e9ho prostoru? Mo\u017en\u00e1 je to t\u00edm, \u017ee jste vsadili na \u0161patn\u00e9 sk\u0159\u00edn\u011b. Sta\u010d\u00ed mal\u00e1 zm\u011bna a v\u0161echno bude r\u00e1zem jinak.  Sta\u010d\u00ed, kdy\u017e n\u011bkolik b\u011b\u017en\u00fdch sk\u0159\u00edn\u00ed nahrad\u00edte sk\u0159\u00edn\u00ed vestav\u011bnou. T\u00edmto zp\u016fsobem vyu\u017eijete prostor, kter\u00fd m\u00e1te k dispozici mnohem efektivn\u011bji, a p\u0159ebyte\u010dn\u00e9 voln\u00e9 sk\u0159\u00edn\u011b m\u016f\u017eete d\u00e1t z domu. Tak\u017ee z\u00edsk\u00e1te dostatek \u00falo\u017en\u00e9ho prostoru, a k tomu mnoho voln\u00e9ho m\u00edsta v byt\u011b nav\u00edc. A to je nab\u00eddka, kter\u00e1 se v\u00e1m jist\u011b bude l\u00edbit! Na co je pot\u0159eba myslet p\u0159i v\u00fdb\u011bru vestav\u011bn\u00e9 sk\u0159\u00edn\u011b? Chcete si dom\u016f po\u0159\u00eddit vestav\u011bnou sk\u0159\u00ed\u0148 http:\/\/www.sten-skrine.cz\/? V tom p\u0159\u00edpad\u011b byste si m\u011bli p\u0159edem promyslet n\u011bkolik skute\u010dnost\u00ed. To prvn\u00ed, v \u010dem byste m\u011bli m\u00edt jasno je, kam ji um\u00edst\u00edte. Naj\u00edt vhodn\u00fd prostor k vyu\u017eit\u00ed je z\u00e1klad. A myslete i na to, \u017ee tento kus n\u00e1bytku na m\u00edru hrav\u011b nahrad\u00ed n\u011bkolik b\u011b\u017en\u00fdch sk\u0159\u00edn\u00ed, tak\u017ee nemus\u00edte hledat nov\u00e9 voln\u00e9 m\u00edsto, sta\u010d\u00ed jen naj\u00edt takov\u00e9 m\u00edsto, kter\u00e9mu p\u0159id\u011bl\u00edte novou funkci. Nadbyte\u010dn\u00fd n\u00e1bytek pak m\u016f\u017eete d\u00e1t pry\u010d z domu. Tak\u00e9 je dobr\u00e9 uva\u017eovat nad t\u00edm, co konkr\u00e9tn\u011b byste cht\u011bli v takov\u00e9 sk\u0159\u00edni skladovat. Mezi ko\u0161ilemi a t\u0159eba elektrick\u00fdmi spot\u0159ebi\u010di \u010di knihami je podstatn\u00fd rozd\u00edl, nejen ve v\u00e1ze, ale i ve zp\u016fsobu skladov\u00e1n\u00ed. Va\u0161im n\u00e1rok\u016fm je proto vhodn\u00e9 p\u0159izp\u016fsobit velikost, hloubku a v\u00fd\u0161ku polic. A jist\u011b je vhodn\u00e9 i to, kdy\u017e budete m\u00edt n\u011bjakou p\u0159edstavu o tom, jak by m\u011bla vestav\u011bn\u00e1 sk\u0159\u00ed\u0148 u v\u00e1s doma vypadat. Jak\u00fd materi\u00e1l a dekor by se v\u00e1m l\u00edbil, jakou m\u00e1 m\u00edt roli a funkci v p\u0159id\u011blen\u00e9m prostoru. Tento kus n\u00e1bytku se m\u016f\u017ee sm\u011ble st\u00e1t ozdobou va\u0161eho interi\u00e9ru, pokud mu to dovol\u00edte. S\u00e1zka na zku\u0161enosti a tradici se vyplat\u00ed! A\u0165 u\u017e budete m\u00edt jak\u00e9koli p\u0159edstavy, v\u017edy si dob\u0159e zvolte firmu, kter\u00e9 tuto pr\u00e1ci sv\u011b\u0159\u00edte. Jedin\u011b tak budete z v\u00fdsledku nad\u0161en\u00ed. A to nejen nyn\u00ed, ale i o des\u00edtky let pozd\u011bji.                                                                                                                                                                                                                                                                                                                                                                                                  "},{"@context":"https:\/\/schema.org\/","@type":"BreadcrumbList","itemListElement":[{"@type":"ListItem","position":1,"name":"Vestav\u011bn\u00e9 sk\u0159\u00edn\u011b nechaj\u00ed v\u00e1\u0161 byt d\u00fdchat","item":"https:\/\/www.zmmodel.cz\/vestavene-skrine-nechaji-vas-byt-dychat\/#breadcrumbitem"}]}]